{"id":974,"date":"2014-10-27T12:15:13","date_gmt":"2014-10-27T11:15:13","guid":{"rendered":"http:\/\/oscarbribian.com\/?p=974"},"modified":"2014-10-27T12:16:05","modified_gmt":"2014-10-27T11:16:05","slug":"974","status":"publish","type":"post","link":"http:\/\/oscarbribian.com\/?p=974","title":{"rendered":"El sue\u00f1o del depredador en Getafe Negro 2014"},"content":{"rendered":"<p>Adjunto un par de fotograf\u00edas de mi paso por Getafe Negro 2014.\u00a0Ha sido una muy buena experiencia. En primer lugar, la que corresponde a la charla-presentaci\u00f3n en Getafe Negro de las novelas \u00abEl sue\u00f1o del depredador\u00bb y \u00abLa\u00a0chica que llevaba una psitola en el tanga\u00bb, de Nacho Cabana, con David G. Panadero como moderador.<\/p>\n<p><a href=\"https:\/\/i0.wp.com\/oscarbribian.com\/wp-content\/uploads\/2014\/10\/Charla-presentacion-con-Nacho-Cabana-y-David-G-Panadero.jpg\"><img data-recalc-dims=\"1\" loading=\"lazy\" decoding=\"async\" data-attachment-id=\"975\" data-permalink=\"http:\/\/oscarbribian.com\/?attachment_id=975\" data-orig-file=\"https:\/\/i0.wp.com\/oscarbribian.com\/wp-content\/uploads\/2014\/10\/Charla-presentacion-con-Nacho-Cabana-y-David-G-Panadero.jpg?fit=640%2C640\" data-orig-size=\"640,640\" data-comments-opened=\"1\" data-image-meta=\"{&quot;aperture&quot;:&quot;0&quot;,&quot;credit&quot;:&quot;&quot;,&quot;camera&quot;:&quot;&quot;,&quot;caption&quot;:&quot;&quot;,&quot;created_timestamp&quot;:&quot;0&quot;,&quot;copyright&quot;:&quot;&quot;,&quot;focal_length&quot;:&quot;0&quot;,&quot;iso&quot;:&quot;0&quot;,&quot;shutter_speed&quot;:&quot;0&quot;,&quot;title&quot;:&quot;&quot;,&quot;orientation&quot;:&quot;0&quot;}\" data-image-title=\"Charla presentacion con Nacho Cabana y David G Panadero\" data-image-description=\"\" data-image-caption=\"\" data-large-file=\"https:\/\/i0.wp.com\/oscarbribian.com\/wp-content\/uploads\/2014\/10\/Charla-presentacion-con-Nacho-Cabana-y-David-G-Panadero.jpg?fit=640%2C640\" class=\"alignnone size-full wp-image-975\" src=\"https:\/\/i0.wp.com\/oscarbribian.com\/wp-content\/uploads\/2014\/10\/Charla-presentacion-con-Nacho-Cabana-y-David-G-Panadero.jpg?resize=640%2C640\" alt=\"Charla presentacion con Nacho Cabana y David G Panadero\" width=\"640\" height=\"640\" srcset=\"https:\/\/i0.wp.com\/oscarbribian.com\/wp-content\/uploads\/2014\/10\/Charla-presentacion-con-Nacho-Cabana-y-David-G-Panadero.jpg?w=640 640w, https:\/\/i0.wp.com\/oscarbribian.com\/wp-content\/uploads\/2014\/10\/Charla-presentacion-con-Nacho-Cabana-y-David-G-Panadero.jpg?resize=150%2C150 150w, https:\/\/i0.wp.com\/oscarbribian.com\/wp-content\/uploads\/2014\/10\/Charla-presentacion-con-Nacho-Cabana-y-David-G-Panadero.jpg?resize=300%2C300 300w\" sizes=\"auto, (max-width: 640px) 100vw, 640px\" \/><\/a><\/p>\n<p>Despu\u00e9s de asistir a varias charlas m\u00e1s (muy interesantes, como la presentaci\u00f3n de la revista Fiat Lux), disfrut\u00e9 de\u00a0una amena comida junto a otros autores y asiduos lectores de novela negra, como Lorenzo Silva, Xavi Borrell, Paco G\u00f3mez Escribano, Jos\u00e9 Andr\u00e9s Espelt, Esteban Navarro, Nacho Cabana, etc.<a href=\"https:\/\/i0.wp.com\/oscarbribian.com\/wp-content\/uploads\/2014\/10\/10747_899595853392539_8907194650262815663_n.jpg\"><img data-recalc-dims=\"1\" loading=\"lazy\" decoding=\"async\" data-attachment-id=\"976\" data-permalink=\"http:\/\/oscarbribian.com\/?attachment_id=976\" data-orig-file=\"https:\/\/i0.wp.com\/oscarbribian.com\/wp-content\/uploads\/2014\/10\/10747_899595853392539_8907194650262815663_n.jpg?fit=960%2C720\" data-orig-size=\"960,720\" data-comments-opened=\"1\" data-image-meta=\"{&quot;aperture&quot;:&quot;0&quot;,&quot;credit&quot;:&quot;&quot;,&quot;camera&quot;:&quot;&quot;,&quot;caption&quot;:&quot;&quot;,&quot;created_timestamp&quot;:&quot;0&quot;,&quot;copyright&quot;:&quot;&quot;,&quot;focal_length&quot;:&quot;0&quot;,&quot;iso&quot;:&quot;0&quot;,&quot;shutter_speed&quot;:&quot;0&quot;,&quot;title&quot;:&quot;&quot;,&quot;orientation&quot;:&quot;0&quot;}\" data-image-title=\"10747_899595853392539_8907194650262815663_n\" data-image-description=\"\" data-image-caption=\"\" data-large-file=\"https:\/\/i0.wp.com\/oscarbribian.com\/wp-content\/uploads\/2014\/10\/10747_899595853392539_8907194650262815663_n.jpg?fit=640%2C480\" class=\"alignnone size-full wp-image-976\" src=\"https:\/\/i0.wp.com\/oscarbribian.com\/wp-content\/uploads\/2014\/10\/10747_899595853392539_8907194650262815663_n.jpg?resize=640%2C480\" alt=\"10747_899595853392539_8907194650262815663_n\" width=\"640\" height=\"480\" srcset=\"https:\/\/i0.wp.com\/oscarbribian.com\/wp-content\/uploads\/2014\/10\/10747_899595853392539_8907194650262815663_n.jpg?w=960 960w, https:\/\/i0.wp.com\/oscarbribian.com\/wp-content\/uploads\/2014\/10\/10747_899595853392539_8907194650262815663_n.jpg?resize=300%2C225 300w\" sizes=\"auto, (max-width: 640px) 100vw, 640px\" \/><\/a><\/p>\n<p>\u00a1El a\u00f1o que viene espero repetir!<\/p>\n","protected":false},"excerpt":{"rendered":"<p>Adjunto un par de fotograf\u00edas de mi paso por Getafe Negro 2014.\u00a0Ha sido una muy buena experiencia. En primer lugar, la que corresponde a la charla-presentaci\u00f3n en Getafe Negro de las novelas \u00abEl sue\u00f1o del depredador\u00bb y \u00abLa\u00a0chica que llevaba &hellip; <a href=\"http:\/\/oscarbribian.com\/?p=974\">Sigue leyendo <span class=\"meta-nav\">&rarr;<\/span><\/a><\/p>\n","protected":false},"author":1,"featured_media":0,"comment_status":"open","ping_status":"open","sticky":false,"template":"","format":"standard","meta":{"jetpack_post_was_ever_published":false,"_jetpack_newsletter_access":"","_jetpack_dont_email_post_to_subs":false,"_jetpack_newsletter_tier_id":0,"_jetpack_memberships_contains_paywalled_content":false,"_jetpack_memberships_contains_paid_content":false,"footnotes":"","jetpack_publicize_message":"","jetpack_publicize_feature_enabled":true,"jetpack_social_post_already_shared":false,"jetpack_social_options":{"image_generator_settings":{"template":"highway","default_image_id":0,"font":"","enabled":false},"version":2}},"categories":[59,5],"tags":[],"class_list":["post-974","post","type-post","status-publish","format-standard","hentry","category-el-sueno-del-depredador","category-eventos"],"jetpack_publicize_connections":[],"jetpack_featured_media_url":"","jetpack_sharing_enabled":true,"jetpack_shortlink":"https:\/\/wp.me\/s9NjCT-974","jetpack_likes_enabled":true,"jetpack-related-posts":[],"_links":{"self":[{"href":"http:\/\/oscarbribian.com\/index.php?rest_route=\/wp\/v2\/posts\/974","targetHints":{"allow":["GET"]}}],"collection":[{"href":"http:\/\/oscarbribian.com\/index.php?rest_route=\/wp\/v2\/posts"}],"about":[{"href":"http:\/\/oscarbribian.com\/index.php?rest_route=\/wp\/v2\/types\/post"}],"author":[{"embeddable":true,"href":"http:\/\/oscarbribian.com\/index.php?rest_route=\/wp\/v2\/users\/1"}],"replies":[{"embeddable":true,"href":"http:\/\/oscarbribian.com\/index.php?rest_route=%2Fwp%2Fv2%2Fcomments&post=974"}],"version-history":[{"count":4,"href":"http:\/\/oscarbribian.com\/index.php?rest_route=\/wp\/v2\/posts\/974\/revisions"}],"predecessor-version":[{"id":980,"href":"http:\/\/oscarbribian.com\/index.php?rest_route=\/wp\/v2\/posts\/974\/revisions\/980"}],"wp:attachment":[{"href":"http:\/\/oscarbribian.com\/index.php?rest_route=%2Fwp%2Fv2%2Fmedia&parent=974"}],"wp:term":[{"taxonomy":"category","embeddable":true,"href":"http:\/\/oscarbribian.com\/index.php?rest_route=%2Fwp%2Fv2%2Fcategories&post=974"},{"taxonomy":"post_tag","embeddable":true,"href":"http:\/\/oscarbribian.com\/index.php?rest_route=%2Fwp%2Fv2%2Ftags&post=974"}],"curies":[{"name":"wp","href":"https:\/\/api.w.org\/{rel}","templated":true}]}}