{"id":98,"date":"2013-01-12T10:03:00","date_gmt":"2013-01-12T10:03:00","guid":{"rendered":"http:\/\/oscarbribian.com\/?p=98"},"modified":"2013-01-12T10:03:00","modified_gmt":"2013-01-12T10:03:00","slug":"entrevista-en-buenos-dias-aragon-tv","status":"publish","type":"post","link":"http:\/\/oscarbribian.com\/?p=98","title":{"rendered":"Entrevista en Buenos d\u00edas Arag\u00f3n TV"},"content":{"rendered":"<p>El pasado viernes por la ma\u00f1ana me entrevistaron en directo en los informativos de Arag\u00f3n TV, con ocasi\u00f3n de la publicaci\u00f3n de Espa\u00f1a criminal, antolog\u00eda de relatos muy negros, negr\u00edsimos, en la que participo.<br \/>Si quer\u00e9is saber m\u00e1s de \u00abEspa\u00f1a criminal\u00bb, pod\u00e9is ver la entrevista aqu\u00ed:<br \/>(En concreto, la entrevista puede verse en el fragmento desde 01:21:30 hasta 01:34:00)<br \/><a href=\"http:\/\/alacarta.aragontelevision.es\/informativos\/buenos-dias-aragon-11012013-0745\">http:\/\/alacarta.aragontelevision.es\/informativos\/buenos-dias-aragon-11012013-0745<\/a><\/p>\n<p><\/p>\n<div><a href=\"https:\/\/i0.wp.com\/3.bp.blogspot.com\/-UNnD_y3gVUI\/UPKG4njtbZI\/AAAAAAAAAYs\/4kh-bgv8TXE\/s1600\/5.jpg\" imageanchor=\"1\"><img data-recalc-dims=\"1\" loading=\"lazy\" decoding=\"async\" border=\"0\" height=\"183\" src=\"https:\/\/i0.wp.com\/3.bp.blogspot.com\/-UNnD_y3gVUI\/UPKG4njtbZI\/AAAAAAAAAYs\/4kh-bgv8TXE\/s320\/5.jpg?resize=320%2C183\" width=\"320\"><\/a><\/div>\n<p><\/p>\n<div><a href=\"https:\/\/i0.wp.com\/3.bp.blogspot.com\/-ikuxOhgVUmw\/UPKG4zpVLGI\/AAAAAAAAAYw\/fsljgvuF53c\/s1600\/8.jpg\" imageanchor=\"1\"><img data-recalc-dims=\"1\" loading=\"lazy\" decoding=\"async\" border=\"0\" height=\"184\" src=\"https:\/\/i0.wp.com\/3.bp.blogspot.com\/-ikuxOhgVUmw\/UPKG4zpVLGI\/AAAAAAAAAYw\/fsljgvuF53c\/s320\/8.jpg?resize=320%2C184\" width=\"320\"><\/a><\/div>\n<p><\/p>\n","protected":false},"excerpt":{"rendered":"<p>El pasado viernes por la ma\u00f1ana me entrevistaron en directo en los informativos de Arag\u00f3n TV, con ocasi\u00f3n de la publicaci\u00f3n de Espa\u00f1a criminal, antolog\u00eda de relatos muy negros, negr\u00edsimos, en la que participo.Si quer\u00e9is saber m\u00e1s de \u00abEspa\u00f1a criminal\u00bb, &hellip; <a href=\"http:\/\/oscarbribian.com\/?p=98\">Sigue leyendo <span class=\"meta-nav\">&rarr;<\/span><\/a><\/p>\n","protected":false},"author":1,"featured_media":0,"comment_status":"open","ping_status":"open","sticky":false,"template":"","format":"standard","meta":{"jetpack_post_was_ever_published":false,"_jetpack_newsletter_access":"","_jetpack_dont_email_post_to_subs":false,"_jetpack_newsletter_tier_id":0,"_jetpack_memberships_contains_paywalled_content":false,"_jetpack_memberships_contains_paid_content":false,"footnotes":"","jetpack_publicize_message":"","jetpack_publicize_feature_enabled":true,"jetpack_social_post_already_shared":false,"jetpack_social_options":{"image_generator_settings":{"template":"highway","default_image_id":0,"font":"","enabled":false},"version":2}},"categories":[9],"tags":[],"class_list":["post-98","post","type-post","status-publish","format-standard","hentry","category-entrevistas"],"jetpack_publicize_connections":[],"jetpack_featured_media_url":"","jetpack_sharing_enabled":true,"jetpack_shortlink":"https:\/\/wp.me\/p9NjCT-1A","jetpack_likes_enabled":true,"jetpack-related-posts":[],"_links":{"self":[{"href":"http:\/\/oscarbribian.com\/index.php?rest_route=\/wp\/v2\/posts\/98","targetHints":{"allow":["GET"]}}],"collection":[{"href":"http:\/\/oscarbribian.com\/index.php?rest_route=\/wp\/v2\/posts"}],"about":[{"href":"http:\/\/oscarbribian.com\/index.php?rest_route=\/wp\/v2\/types\/post"}],"author":[{"embeddable":true,"href":"http:\/\/oscarbribian.com\/index.php?rest_route=\/wp\/v2\/users\/1"}],"replies":[{"embeddable":true,"href":"http:\/\/oscarbribian.com\/index.php?rest_route=%2Fwp%2Fv2%2Fcomments&post=98"}],"version-history":[{"count":0,"href":"http:\/\/oscarbribian.com\/index.php?rest_route=\/wp\/v2\/posts\/98\/revisions"}],"wp:attachment":[{"href":"http:\/\/oscarbribian.com\/index.php?rest_route=%2Fwp%2Fv2%2Fmedia&parent=98"}],"wp:term":[{"taxonomy":"category","embeddable":true,"href":"http:\/\/oscarbribian.com\/index.php?rest_route=%2Fwp%2Fv2%2Fcategories&post=98"},{"taxonomy":"post_tag","embeddable":true,"href":"http:\/\/oscarbribian.com\/index.php?rest_route=%2Fwp%2Fv2%2Ftags&post=98"}],"curies":[{"name":"wp","href":"https:\/\/api.w.org\/{rel}","templated":true}]}}